{"id":9808,"date":"2021-11-17T14:55:07","date_gmt":"2021-11-17T13:55:07","guid":{"rendered":"https:\/\/www.albarella.it\/?p=9808"},"modified":"2024-02-08T17:09:49","modified_gmt":"2024-02-08T16:09:49","slug":"il-faro-di-pila","status":"publish","type":"post","link":"https:\/\/www.albarella.it\/it\/il-faro-di-pila\/","title":{"rendered":"Il faro di Pila"},"content":{"rendered":"\n<p>Il <strong>Faro di Punta Maistra<\/strong>, detto anche <strong>Faro di Pila<\/strong>, \u00e8 un luogo di grande fascino capace di conquistare i visitatori di ogni et\u00e0. Si trova in prossimit\u00e0 della foce della Busa Dritta, al termine del Po, vicino all\u2019omonimo centro abitato. Una gita qui \u00e8 l\u2019occasione ideale per trascorrere una giornata in famiglia se si soggiorna<strong> nella vicina Isola di Albarella.<\/strong><\/p>\n\n\n\n<p>Il Faro si trova su un isolotto immerso nella laguna, dove il fiume e il mare si incontrano, in un ambiente davvero incantevole caratterizzato da un contesto di grande valore dal punto di vista paesaggistico in cui gli amanti del <a href=\"https:\/\/www.albarella.it\/it\/birdwatching-sul-delta-del-po\/\">birdwatching<\/a> potranno osservare molte specie di uccelli.<\/p>\n\n\n\n<p>Di propriet\u00e0 della Marina Italiana e ancora in funzione, il Faro di Pila \u00e8 un posto suggestivo che conquista grandi e piccini, in cui trascorrere una giornata all\u2019insegna della natura e della scoperta!<\/p>\n\n\n\n<div style=\"height:60px\" aria-hidden=\"true\" class=\"wp-block-spacer\"><\/div>\n\n\n\n<h2 class=\"wp-block-heading\"><strong>Il Faro di Pila a Punta Maistra<\/strong><\/h2>\n\n\n\n<p><br>Il Faro \u00e8 situato sul ramo sinistro del Po di Pila, su un isolotto accessibile solo via barca. La sua posizione, in quella che viene chiamata Punta Maistra, lo rende <strong>l\u2019edificio pi\u00f9 a est <\/strong>di tutto il Delta.<\/p>\n\n\n\n<p>Con i suoi 45 metri d\u2019altezza, \u00e8 un vero e proprio punto di riferimento per gli abitanti della zona e la lanterna posta alla sua sommit\u00e0 raggiunge una portata luminosa di circa 30 chilometri.<\/p>\n\n\n\n<p>Il paesaggio che lo circonda \u00e8 formato da valli, barene, casoni di canna palustre e rami minori del fiume, come Busa di Tramontana e Busa di Scirocco, inoltre, il Faro sorveglia la Laguna del Basson e la spiaggia di Scano Boa, un paradiso e un luogo di nidificazione ideale per gabbiani, sterne e beccacce di mare. Alle sue spalle si trovano invece la Laguna del B\u00f9rcio e l\u2019Isola della Batteria. Sulla spiaggia di fronte al Faro, ogni specie di volatile trova il suo spazio: qui infatti, si possono facilmente osservare aironi, garzette, cormorani e molti altri.<\/p>\n\n\n\n<div style=\"height:60px\" aria-hidden=\"true\" class=\"wp-block-spacer\"><\/div>\n\n\n\n<h2 class=\"wp-block-heading\"><strong>Breve storia<\/strong><\/h2>\n\n\n\n<p><br>Il vecchio Faro, fu eretto nel 1885 e sorgeva all\u2019altezza di <strong>Pila<\/strong>, ma venne distrutto dalle truppe tedesche durante il <strong>secondo conflitto mondiale<\/strong>, l\u2019attuale, invece, venne ricostruito pi\u00f9 a est a circa due chilometri dallo sbocco del fiume.<\/p>\n\n\n\n<p>Il Faro di Pila si trova in uno dei luoghi pi\u00f9 evocativi del Delta, tanto da aver ispirato racconti e versi di scrittori e poeti che hanno immortalato lo splendido paesaggio dell\u2019attuale <a href=\"https:\/\/www.albarella.it\/it\/delta-del-po-tutto-quello-che-devi-sapere-sul-parco-regionale-veneto\/\">Parco Regionale del Delta del Po<\/a>. Il famoso scrittore veneto Gian Antonio Cibotto lo cita nel suo romanzo Scano Boa, ma anche <strong>Eugenio Montale<\/strong> si \u00e8 lasciato ispirare dalla sua maestosit\u00e0 per scrivere la poesia \u201cL\u2019anguilla\u201d. Negli anni Cinquanta, infatti, il grande poeta \u00e8 stato nel <a href=\"https:\/\/www.albarella.it\/it\/esperienze\/delta-del-po\/\" data-type=\"URL\" data-id=\"https:\/\/www.albarella.it\/it\/esperienze\/delta-del-po\/\">Delta del Po<\/a> proprio insieme a Cibotto per una visita che ha molto influito sul suo immaginario artistico.<\/p>\n\n\n\n<div style=\"height:60px\" aria-hidden=\"true\" class=\"wp-block-spacer\"><\/div>\n\n\n\n<h2 class=\"wp-block-heading\"><strong>Escursioni in battello al Faro di Pila<\/strong><\/h2>\n\n\n\n<p><br>Il Faro di Pila non \u00e8 visitabile all\u2019interno ed \u00e8 raggiungibile esclusivamente via acqua, grazie alle escursioni in battello organizzate dalle compagnie turistiche locali, con vari itinerari che danno la possibilit\u00e0 ai visitatori di scoprire angoli del Po che non possono essere raggiunti in nessun altro modo.<\/p>\n\n\n\n<p>I <strong>diversi itinerari<\/strong> danno l\u2019occasione di contemplare lo scenario circostante con una prospettiva nuova, che sapr\u00e0 conquistare tutta la famiglia, anche con gite che combinano la motonave e la bicicletta.<\/p>\n\n\n\n<p>L\u2019escursione in battello \u00e8 un modo originale di conoscere il Parco, alla scoperta di un territorio inimitabile che non ha eguali. Concediti una giornata ricca di emozioni, dove la biodiversit\u00e0 \u00e8 la protagonista! La tua vacanza ad Albarella sar\u00e0 l\u2019occasione perfetta per godere di un panorama unico e visitare posti singolari come il Faro di Pila, in cui potrai assaporare l\u2019autentico incanto del Delta del Po!<\/p>\n","protected":false},"excerpt":{"rendered":"<p>Il Faro di Pila, a 50 km da l\u2019Isola di Albarella, \u00e8 uno dei luoghi pi\u00f9 affascinanti del Delta del Po.<\/p>\n","protected":false},"author":11,"featured_media":9809,"comment_status":"open","ping_status":"open","sticky":false,"template":"","format":"standard","meta":{"_acf_changed":false,"footnotes":""},"categories":[2],"tags":[],"class_list":["post-9808","post","type-post","status-publish","format-standard","has-post-thumbnail","hentry","category-ambiente"],"acf":[],"_links":{"self":[{"href":"https:\/\/www.albarella.it\/it\/wp-json\/wp\/v2\/posts\/9808","targetHints":{"allow":["GET"]}}],"collection":[{"href":"https:\/\/www.albarella.it\/it\/wp-json\/wp\/v2\/posts"}],"about":[{"href":"https:\/\/www.albarella.it\/it\/wp-json\/wp\/v2\/types\/post"}],"author":[{"embeddable":true,"href":"https:\/\/www.albarella.it\/it\/wp-json\/wp\/v2\/users\/11"}],"replies":[{"embeddable":true,"href":"https:\/\/www.albarella.it\/it\/wp-json\/wp\/v2\/comments?post=9808"}],"version-history":[{"count":4,"href":"https:\/\/www.albarella.it\/it\/wp-json\/wp\/v2\/posts\/9808\/revisions"}],"predecessor-version":[{"id":17449,"href":"https:\/\/www.albarella.it\/it\/wp-json\/wp\/v2\/posts\/9808\/revisions\/17449"}],"wp:featuredmedia":[{"embeddable":true,"href":"https:\/\/www.albarella.it\/it\/wp-json\/wp\/v2\/media\/9809"}],"wp:attachment":[{"href":"https:\/\/www.albarella.it\/it\/wp-json\/wp\/v2\/media?parent=9808"}],"wp:term":[{"taxonomy":"category","embeddable":true,"href":"https:\/\/www.albarella.it\/it\/wp-json\/wp\/v2\/categories?post=9808"},{"taxonomy":"post_tag","embeddable":true,"href":"https:\/\/www.albarella.it\/it\/wp-json\/wp\/v2\/tags?post=9808"}],"curies":[{"name":"wp","href":"https:\/\/api.w.org\/{rel}","templated":true}]}}