{"id":539,"date":"2020-10-17T16:34:36","date_gmt":"2020-10-17T14:34:36","guid":{"rendered":"https:\/\/news.albarella.it\/?p=539"},"modified":"2023-06-09T11:08:33","modified_gmt":"2023-06-09T09:08:33","slug":"si-chiude-evoluzioni-il-percorso-di-installazioni-di-land-art-allisola-di-albarella","status":"publish","type":"post","link":"https:\/\/www.albarella.it\/it\/si-chiude-evoluzioni-il-percorso-di-installazioni-di-land-art-allisola-di-albarella\/","title":{"rendered":"Si chiude \u201cEvoluzioni&#8221;, il percorso di installazioni di Land Art all&#8217;Isola di Albarella"},"content":{"rendered":"\n<p><strong>Due delle opere realizzate da&nbsp;Officinad\u00efdue resteranno permanentemente all&#8217;interno dell&#8217;Isola<\/strong>.<\/p>\n\n\n\n<div style=\"height:30px\" aria-hidden=\"true\" class=\"wp-block-spacer\"><\/div>\n\n\n\n<p>Sabato 17 ottobre si \u00e8 conclusa ufficialmente la mostra di installazioni di Land Art &#8220;Evoluzioni&#8221;, realizzata all&#8217;interno dell&#8217;Isola di Albarella&nbsp;a cura di&nbsp;<strong>Officinad\u00efdue,&nbsp;<\/strong>ovvero degli artisti&nbsp;<strong>Vera Bonaventura e Roberto Mainardi<\/strong>, noti per aver realizzato l\u2019opera\u201c<strong>Urlo di Vaia\u201d&nbsp;<\/strong>dopo la tempesta che ha colpito l\u2019altopiano di Asiago e le Alpi orientali nel 2018, installata nel percorso artistico di&nbsp;<strong>Arte Sella in Valsugana<\/strong>.<\/p>\n\n\n\n<div style=\"height:30px\" aria-hidden=\"true\" class=\"wp-block-spacer\"><\/div>\n\n\n\n<p>Ottimo il riscontro ottenuto dall&#8217;iniziativa, fortemente voluta da Albarella per sensibilizzare proprietari, ospiti e visitatori sulla tematica ambientale e sui cambiamenti climatici in atto. Il percorso artistico si era aperto con un&#8217;anteprima il 7 giugno in onore della giornata mondiale degli oceani, con l&#8217;avvio dell&#8217;installazione&nbsp;<strong>\u201cIl grande orecchio\u201d&nbsp;<\/strong>e l&#8217;inaugurazione ufficiale il 28 giugno. Proprio il Grande Orecchio, insieme all&#8217;opera&nbsp;<strong>\u201cAttesa\u201d,<\/strong>&nbsp;che vede un grande albero adagiato su di un letto d&#8217;ospedale attorno al quale sono stati piantati sette semi di lecci, sono le due opere che rimarranno permanenti all&#8217;interno dell&#8217;Isola.<\/p>\n\n\n\n<div style=\"height:30px\" aria-hidden=\"true\" class=\"wp-block-spacer\"><\/div>\n\n\n\n<p>Per l&#8217;occasione gli artisti e il direttore dell&#8217;Isola, Mauro Rosatti, hanno accolto autorit\u00e0, giornalisti e i consiglieri dell&#8217;associazione Comunione Isola di Albarella per una cerimonia di chiusura al golf Hotel dell&#8217;Isola di Albarella, al seguito della quale \u00e8 stato consegnato il catalogo ufficiale della mostra.<\/p>\n\n\n\n<div style=\"height:30px\" aria-hidden=\"true\" class=\"wp-block-spacer\"><\/div>\n\n\n\n<p>\u201cIl tema della biodiversit\u00e0 \u00e8 molto caro all&#8217;Isola e la mostra evoluzioni \u00e8 un tassello del percorso green che stiamo compiendo \u2013\u00a0<strong>spiega Mauro Rosatti, direttore dell&#8217;Isola<\/strong>\u00a0-. La nostra acqua, ad esempio \u00e8 prodotta al 100% da noi e l&#8217;acqua di scarico viene riutilizzata e riciclata. Proprio oggi abbiamo presentato al consiglio di Comunione un importante progetto per ridurre le emissioni di Co2 nell&#8217;aria e aumentare la biodiversit\u00e0, sviluppato in collaborazione con l&#8217;Universit\u00e0 di Padova. E inoltre anche il territorio del <a href=\"https:\/\/www.albarella.it\/it\/esperienze\/delta-del-po\/\" data-type=\"URL\" data-id=\"https:\/\/www.albarella.it\/it\/esperienze\/delta-del-po\/\">Delta del Po<\/a> ha lanciato un messaggio importante in questo senso nei giorni scorsi, con l&#8217;inaugurazione della Cappella Laudato Si a Caleri, scelta dal Papa come simbolo della biodiversit\u00e0 per l&#8217;ecologia mondiale. Questa mostra ha voluto quindi agire in questo senso, unendo alla sensibilizzazione anche la cultura: oggi non \u00e8 un punto di arrivo di questo percorso, ma semplicemente un punto di inizio per valorizzare ancora di pi\u00f9 l&#8217;Isola attraverso la cultura e le iniziative artistiche, anche fuori stagione\u201d.<\/p>\n\n\n\n<div style=\"height:30px\" aria-hidden=\"true\" class=\"wp-block-spacer\"><\/div>\n\n\n\n<p>Soddisfatti anche gli artisti di&nbsp;<strong>Officinad\u00efdue, Vera Bonaventura e Roberto Mainardi<\/strong>: \u201cCi siamo allontanati dai critici d&#8217;arte e abbiamo iniziato un percorso in difesa della natura \u2013 spiegano -. Continueremo il nostro lavoro e ci piace che l&#8217;Isola si apra agli artisti che proseguono la loro arte su questa strada. Il catalogo della mostra non vuole spiegare le opere, ma sensibilizzare attraverso dati scientifici, ottenuti in collaborazione con l&#8217;Universit\u00e0 di Padova, su precise tematiche ambientali. Vogliamo piantare un seme per migliorare il futuro di tutti, cos\u00ec come abbiamo fatto piantando sette semi di lecci attorno all&#8217;opera \u201cAttesa\u201d. Vogliamo lasciare all&#8217;isola qualcosa che sar\u00e0 in continua evoluzione\u201d.<\/p>\n","protected":false},"excerpt":{"rendered":"<p>&#8220;Il grande orecchio&#8221; e &#8220;Attesa&#8221; sono le due opere che rimarranno permanenti all&#8217;interno dell&#8217;Isola di Albarella.<\/p>\n","protected":false},"author":3,"featured_media":542,"comment_status":"closed","ping_status":"closed","sticky":false,"template":"","format":"standard","meta":{"_acf_changed":false,"footnotes":""},"categories":[8],"tags":[],"class_list":["post-539","post","type-post","status-publish","format-standard","has-post-thumbnail","hentry","category-eventi"],"acf":[],"_links":{"self":[{"href":"https:\/\/www.albarella.it\/it\/wp-json\/wp\/v2\/posts\/539","targetHints":{"allow":["GET"]}}],"collection":[{"href":"https:\/\/www.albarella.it\/it\/wp-json\/wp\/v2\/posts"}],"about":[{"href":"https:\/\/www.albarella.it\/it\/wp-json\/wp\/v2\/types\/post"}],"author":[{"embeddable":true,"href":"https:\/\/www.albarella.it\/it\/wp-json\/wp\/v2\/users\/3"}],"replies":[{"embeddable":true,"href":"https:\/\/www.albarella.it\/it\/wp-json\/wp\/v2\/comments?post=539"}],"version-history":[{"count":1,"href":"https:\/\/www.albarella.it\/it\/wp-json\/wp\/v2\/posts\/539\/revisions"}],"predecessor-version":[{"id":15056,"href":"https:\/\/www.albarella.it\/it\/wp-json\/wp\/v2\/posts\/539\/revisions\/15056"}],"wp:featuredmedia":[{"embeddable":true,"href":"https:\/\/www.albarella.it\/it\/wp-json\/wp\/v2\/media\/542"}],"wp:attachment":[{"href":"https:\/\/www.albarella.it\/it\/wp-json\/wp\/v2\/media?parent=539"}],"wp:term":[{"taxonomy":"category","embeddable":true,"href":"https:\/\/www.albarella.it\/it\/wp-json\/wp\/v2\/categories?post=539"},{"taxonomy":"post_tag","embeddable":true,"href":"https:\/\/www.albarella.it\/it\/wp-json\/wp\/v2\/tags?post=539"}],"curies":[{"name":"wp","href":"https:\/\/api.w.org\/{rel}","templated":true}]}}