{"id":535,"date":"2020-09-30T11:01:11","date_gmt":"2020-09-30T09:01:11","guid":{"rendered":"https:\/\/news.albarella.it\/?p=535"},"modified":"2023-06-07T12:39:24","modified_gmt":"2023-06-07T10:39:24","slug":"domenica-inaugura-il-giardino-laudato-si","status":"publish","type":"post","link":"https:\/\/www.albarella.it\/it\/domenica-inaugura-il-giardino-laudato-si\/","title":{"rendered":"Domenica inaugura il Giardino Laudato s\u00ec"},"content":{"rendered":"\n<p>Domenica 4 ottobre sar\u00e0 un giorno molto importante per l&#8217;Isola di Albarella e tutto il territorio del <a href=\"https:\/\/www.albarella.it\/it\/esperienze\/delta-del-po\/\" data-type=\"URL\" data-id=\"https:\/\/www.albarella.it\/it\/esperienze\/delta-del-po\/\">Delta del Po<\/a>.<\/p>\n\n\n\n<div style=\"height:30px\" aria-hidden=\"true\" class=\"wp-block-spacer\"><\/div>\n\n\n\n<p>Alle 15:30 verr\u00e0 infatti inaugurato un \u201cGiardino Laudato si\u2019\u201d al centro del <a href=\"https:\/\/www.albarella.it\/it\/delta-del-po-tutto-quello-che-devi-sapere-sul-parco-regionale-veneto\/\" data-type=\"URL\" data-id=\"https:\/\/www.albarella.it\/it\/delta-del-po-tutto-quello-che-devi-sapere-sul-parco-regionale-veneto\/\">Parco Regionale Veneto del Delta del Po<\/a>, di fronte all&#8217;Isola di Albarella, in localit\u00e0 Caleri. Si tratta di un progetto inserito nel percorso di celebrazioni dell\u2019Anno Speciale Laudato si, indetto da Papa Francesco. Il progetto del \u201cGiardino Laudato si\u201d nasce come idea di un nuovo modello di\u00a0sviluppo, grazie alla collaborazione di sette amministrazioni locali e delle forze\u00a0produttive, economiche, educative e sociali del territorio. A seguito della\u00a0pubblicazione\u00a0dell\u2019enciclica\u00a0Laudato si\u2019 (2015) le amministrazioni locali hanno deciso di creare una\u00a0partnership per la valorizzazione e la cura degli ecosistemi e delle biodiversit\u00e0 presenti\u00a0nell\u2019area\u00a0del Delta del Po, integrandole alle attivit\u00e0 umane e dando vita anche a un\u00a0nuovo linguaggio espressivo ispirato all\u2019interconnessione.<\/p>\n\n\n\n<div style=\"height:30px\" aria-hidden=\"true\" class=\"wp-block-spacer\"><\/div>\n\n\n\n<p>Le celebrazioni si svolgeranno alla presenza del Cardinale Peter K.A. Turkson, Prefetto del Dicastero per il Servizio dello Sviluppo Umano Integrale, e di altre autorit\u00e0 rappresentanti il mondo delle Istituzioni a livello locale, nazionale e internazionale. Sar\u00e0 presente anche il tenore Francesco Grollo, che aprir\u00e0 le celebrazioni dedicando un canto sacro dalla Basilica di San Marco a Venezia, tenendo un \u201cConcerto per l\u2019Ecologia integrale\u201d, accompagnato dall\u2019Orchestra Ritmico-Sinfonica Italiana diretta dal maestro Diego Basso, e dai cori Art Voice Academy e Opera House.<\/p>\n\n\n\n<div style=\"height:30px\" aria-hidden=\"true\" class=\"wp-block-spacer\"><\/div>\n\n\n\n<p><br>Il Cardinale Turkson inaugurer\u00e0 la \u201cCappella Laudato si\u2019\u201d, realizzata dall\u2019Architetto Mario Cucinella a Caleri.<\/p>\n","protected":false},"excerpt":{"rendered":"<p>Si tratta di un progetto inserito nel percorso di celebrazioni dell\u2019Anno Speciale Laudato si, indetto da Papa Francesco. <\/p>\n","protected":false},"author":3,"featured_media":536,"comment_status":"closed","ping_status":"closed","sticky":false,"template":"","format":"standard","meta":{"_acf_changed":false,"footnotes":""},"categories":[2],"tags":[],"class_list":["post-535","post","type-post","status-publish","format-standard","has-post-thumbnail","hentry","category-ambiente"],"acf":[],"_links":{"self":[{"href":"https:\/\/www.albarella.it\/it\/wp-json\/wp\/v2\/posts\/535","targetHints":{"allow":["GET"]}}],"collection":[{"href":"https:\/\/www.albarella.it\/it\/wp-json\/wp\/v2\/posts"}],"about":[{"href":"https:\/\/www.albarella.it\/it\/wp-json\/wp\/v2\/types\/post"}],"author":[{"embeddable":true,"href":"https:\/\/www.albarella.it\/it\/wp-json\/wp\/v2\/users\/3"}],"replies":[{"embeddable":true,"href":"https:\/\/www.albarella.it\/it\/wp-json\/wp\/v2\/comments?post=535"}],"version-history":[{"count":1,"href":"https:\/\/www.albarella.it\/it\/wp-json\/wp\/v2\/posts\/535\/revisions"}],"predecessor-version":[{"id":15003,"href":"https:\/\/www.albarella.it\/it\/wp-json\/wp\/v2\/posts\/535\/revisions\/15003"}],"wp:featuredmedia":[{"embeddable":true,"href":"https:\/\/www.albarella.it\/it\/wp-json\/wp\/v2\/media\/536"}],"wp:attachment":[{"href":"https:\/\/www.albarella.it\/it\/wp-json\/wp\/v2\/media?parent=535"}],"wp:term":[{"taxonomy":"category","embeddable":true,"href":"https:\/\/www.albarella.it\/it\/wp-json\/wp\/v2\/categories?post=535"},{"taxonomy":"post_tag","embeddable":true,"href":"https:\/\/www.albarella.it\/it\/wp-json\/wp\/v2\/tags?post=535"}],"curies":[{"name":"wp","href":"https:\/\/api.w.org\/{rel}","templated":true}]}}