{"id":524,"date":"2020-08-17T17:09:49","date_gmt":"2020-08-17T15:09:49","guid":{"rendered":"https:\/\/news.albarella.it\/?p=524"},"modified":"2021-03-29T10:59:32","modified_gmt":"2021-03-29T08:59:32","slug":"il-programma-degli-eventi-dal-17-al-23-agosto","status":"publish","type":"post","link":"https:\/\/www.albarella.it\/it\/il-programma-degli-eventi-dal-17-al-23-agosto\/","title":{"rendered":"Il programma degli eventi dal 17 al 23 agosto"},"content":{"rendered":"\n<figure class=\"wp-block-gallery columns-1 is-cropped wp-block-gallery-1 is-layout-flex wp-block-gallery-is-layout-flex\"><ul class=\"blocks-gallery-grid\"><li class=\"blocks-gallery-item\"><figure><img decoding=\"async\" src=\"https:\/\/news.albarella.it\/wp-content\/uploads\/2020\/08\/programma-17-23-475x480.jpg\" alt=\"\" data-id=\"525\" data-full-url=\"https:\/\/news.albarella.it\/wp-content\/uploads\/2020\/08\/programma-17-23.jpg\" data-link=\"https:\/\/news.albarella.it\/?attachment_id=525\" class=\"wp-image-525\"\/><\/figure><\/li><\/ul><\/figure>\n\n\n\n<div style=\"height:30px\" aria-hidden=\"true\" class=\"wp-block-spacer\"><\/div>\n\n\n\n<p>E&#8217; pronto il programma eventi di questa settimana, anche alla luce delle nuove disposizioni anti Covid. Il primo appuntamento \u00e8 fissato per questa sera, luned\u00ec 17 agosto, alle 21.45 all&#8217;Arena Spettacoli del Centro Sportivo dove arriva Claudio Lauretta e il suo esilerante show &#8220;Imitamorfosi&#8221;.<\/p>\n\n\n\n<div style=\"height:30px\" aria-hidden=\"true\" class=\"wp-block-spacer\"><\/div>\n\n\n\n<p>Marted\u00ec sera serata canora con l&#8217;animazione e il karaoke, alle 21.45 sempre al Centro Sportivo.<\/p>\n\n\n\n<div style=\"height:30px\" aria-hidden=\"true\" class=\"wp-block-spacer\"><\/div>\n\n\n\n<p>Mercoled\u00ec sera largo all&#8217;artigianato, con le bancarelle di Alba Village al Centro Sportivo a partire dalle 19. Si prosegue con la voce di Tatiana e la live music alla cena del Centro Sportivo, mentre alle 21.45 largo al variet\u00e0 a cura di Jolly Animation.<\/p>\n\n\n\n<div style=\"height:30px\" aria-hidden=\"true\" class=\"wp-block-spacer\"><\/div>\n\n\n\n<p>Gioved\u00ec 20 agosto si gioca con l&#8217;animazione con il quiz &#8220;Ciao Darwin&#8221; a partire dalle 21.45, mentre venerd\u00ec alle 21.45 il gioco \u00e8 per i bambini con il baby game Just Dance.<\/p>\n\n\n\n<div style=\"height:30px\" aria-hidden=\"true\" class=\"wp-block-spacer\"><\/div>\n\n\n\n<p>Sabato appuntamento con la musica live dalle 21.30 al Chiriguito, dove arriva il Duo Swing di Sabrina Scarpati e Graziano Beggio, mentre alle 18, all&#8217;hotel Capo Nord, si svolger\u00e0 la presentazione del libro &#8220;Liars Stars&#8221;.<\/p>\n\n\n\n<div style=\"height:30px\" aria-hidden=\"true\" class=\"wp-block-spacer\"><\/div>\n\n\n\n<p>Infine, domenica, largo alla serata karaoke con l&#8217;animazione alle 21.45 al Centro Sportivo.<\/p>\n","protected":false},"excerpt":{"rendered":"<p>Sabato appuntamento con la musica live al Chiriguito, dove arriva il Duo Swing di Sabrina Scarpati e Graziano Beggio.<\/p>\n","protected":false},"author":3,"featured_media":525,"comment_status":"closed","ping_status":"closed","sticky":false,"template":"","format":"standard","meta":{"_acf_changed":false,"footnotes":""},"categories":[8],"tags":[51],"class_list":["post-524","post","type-post","status-publish","format-standard","has-post-thumbnail","hentry","category-eventi","tag-programma-eventi"],"acf":[],"_links":{"self":[{"href":"https:\/\/www.albarella.it\/it\/wp-json\/wp\/v2\/posts\/524","targetHints":{"allow":["GET"]}}],"collection":[{"href":"https:\/\/www.albarella.it\/it\/wp-json\/wp\/v2\/posts"}],"about":[{"href":"https:\/\/www.albarella.it\/it\/wp-json\/wp\/v2\/types\/post"}],"author":[{"embeddable":true,"href":"https:\/\/www.albarella.it\/it\/wp-json\/wp\/v2\/users\/3"}],"replies":[{"embeddable":true,"href":"https:\/\/www.albarella.it\/it\/wp-json\/wp\/v2\/comments?post=524"}],"version-history":[{"count":0,"href":"https:\/\/www.albarella.it\/it\/wp-json\/wp\/v2\/posts\/524\/revisions"}],"wp:featuredmedia":[{"embeddable":true,"href":"https:\/\/www.albarella.it\/it\/wp-json\/wp\/v2\/media\/525"}],"wp:attachment":[{"href":"https:\/\/www.albarella.it\/it\/wp-json\/wp\/v2\/media?parent=524"}],"wp:term":[{"taxonomy":"category","embeddable":true,"href":"https:\/\/www.albarella.it\/it\/wp-json\/wp\/v2\/categories?post=524"},{"taxonomy":"post_tag","embeddable":true,"href":"https:\/\/www.albarella.it\/it\/wp-json\/wp\/v2\/tags?post=524"}],"curies":[{"name":"wp","href":"https:\/\/api.w.org\/{rel}","templated":true}]}}