{"id":520,"date":"2020-08-11T12:58:05","date_gmt":"2020-08-11T10:58:05","guid":{"rendered":"https:\/\/news.albarella.it\/?p=520"},"modified":"2021-03-26T11:14:45","modified_gmt":"2021-03-26T10:14:45","slug":"il-programma-eventi-dal-10-al-16-agosto","status":"publish","type":"post","link":"https:\/\/www.albarella.it\/it\/il-programma-eventi-dal-10-al-16-agosto\/","title":{"rendered":"Il programma eventi dal 10 al 16 agosto"},"content":{"rendered":"\n<figure class=\"wp-block-gallery columns-1 is-cropped wp-block-gallery-1 is-layout-flex wp-block-gallery-is-layout-flex\"><ul class=\"blocks-gallery-grid\"><li class=\"blocks-gallery-item\"><figure><img decoding=\"async\" src=\"https:\/\/news.albarella.it\/wp-content\/uploads\/2020\/08\/programma-10-16-390x480.jpg\" alt=\"\" data-id=\"521\" data-full-url=\"https:\/\/news.albarella.it\/wp-content\/uploads\/2020\/08\/programma-10-16.jpg\" data-link=\"https:\/\/news.albarella.it\/?attachment_id=521\" class=\"wp-image-521\"\/><\/figure><\/li><\/ul><\/figure>\n\n\n\n<div style=\"height:30px\" aria-hidden=\"true\" class=\"wp-block-spacer\"><\/div>\n\n\n\n<p>La settimana pi\u00f9 &#8220;calda&#8221; di eventi \u00e8 arrivata. Ecco tutti gli eventi che troverete all&#8217;Isola di Albarella.<\/p>\n\n\n\n<div style=\"height:30px\" aria-hidden=\"true\" class=\"wp-block-spacer\"><\/div>\n\n\n\n<p>Si inizia luned\u00ec con la notte di San Lorenzo, che vedr\u00e0 protagonista all&#8217;Arena spettacoli del Centro Sportivo Pianeta Zero, cover band di Renato Zero, e la Ciclotteri Moonlight, il bike tour serale di San Lorenzo. <\/p>\n\n\n\n<div style=\"height:30px\" aria-hidden=\"true\" class=\"wp-block-spacer\"><\/div>\n\n\n\n<p>Marted\u00ec sera una serata a pieno ritmo rockabilly con i P51, che porteranno in Arena Spettacoli le note del rock &amp; roll americano degli anni 50 e 60.<\/p>\n\n\n\n<div style=\"height:30px\" aria-hidden=\"true\" class=\"wp-block-spacer\"><\/div>\n\n\n\n<p>Si prosegue mercoled\u00ec con un doppio appuntamento: alle 20 degustazione di ostriche e bollicine con &#8220;Perle &amp; Perlage&#8221; nella spiaggia del Beach Bar Aphrodite, un viaggio alla scoperta del gusto del mare e dell&#8217;ostrica rosa del Delta abbinato alle maison Maeli e Bisol; alle 21.45, invece, al Centro Sportivo arrivano le Anime in Plexiglass, cover band di Ligabue.<\/p>\n\n\n\n<div style=\"height:30px\" aria-hidden=\"true\" class=\"wp-block-spacer\"><\/div>\n\n\n\n<p>Gioved\u00ec lo spettacolo \u00e8 assicurato, sempre alle 21.45 all&#8217;Arena Spettacoli, con Rock in Movie, la band live che unisce la musica e il ritmo al grande Cinema.<\/p>\n\n\n\n<div style=\"height:30px\" aria-hidden=\"true\" class=\"wp-block-spacer\"><\/div>\n\n\n\n<p>Venerd\u00ec iniziano i preparativi per il Capodanno d&#8217;estate: l&#8217;appuntamento \u00e8 al Centro Sportivo con la serata &#8220;Voglio tornare negli anni 90&#8221; che far\u00e0 ballare grandi e piccini.<\/p>\n\n\n\n<div style=\"height:30px\" aria-hidden=\"true\" class=\"wp-block-spacer\"><\/div>\n\n\n\n<p>Sabato la grande festa d&#8217;estate, con tanto di fuochi pirotecnici al Centro Sportivo al termine della cena &#8220;Fiesta!&#8221; dedicata all&#8217;atmosfera spagnola, con sangria, paella e abbigliamento ad hoc. In Arena spettacoli si balla con lo show Kontigo, dove si proporranno le pi\u00f9 grandi hit latine mondiali.<\/p>\n\n\n\n<div style=\"height:30px\" aria-hidden=\"true\" class=\"wp-block-spacer\"><\/div>\n\n\n\n<p>A bordo piscina dell&#8217;Hotel Capo Nord si festeggia invece il Ferragosto con allestimenti stile Capri e lo show di Eleonora Rossi, mentre al Beach Bar Aphrodite arriva l&#8217;atmosfera cubana del Tropical party.<\/p>\n\n\n\n<div style=\"height:30px\" aria-hidden=\"true\" class=\"wp-block-spacer\"><\/div>\n\n\n\n<p>Infine, domenica, in Arena Spettacoli arriva Tempus Fugit, la performance di danza su trampoli con vestiti luminosi che far\u00e0 sognare grandi e piccini.<\/p>\n","protected":false},"excerpt":{"rendered":"<p>A bordo piscina dell&#8217;Hotel Capo Nord si festeggia il Ferragosto con allestimenti stile Capri e lo show di Eleonora Rossi.<\/p>\n","protected":false},"author":3,"featured_media":521,"comment_status":"closed","ping_status":"closed","sticky":false,"template":"","format":"standard","meta":{"_acf_changed":false,"footnotes":""},"categories":[8],"tags":[],"class_list":["post-520","post","type-post","status-publish","format-standard","has-post-thumbnail","hentry","category-eventi"],"acf":[],"_links":{"self":[{"href":"https:\/\/www.albarella.it\/it\/wp-json\/wp\/v2\/posts\/520","targetHints":{"allow":["GET"]}}],"collection":[{"href":"https:\/\/www.albarella.it\/it\/wp-json\/wp\/v2\/posts"}],"about":[{"href":"https:\/\/www.albarella.it\/it\/wp-json\/wp\/v2\/types\/post"}],"author":[{"embeddable":true,"href":"https:\/\/www.albarella.it\/it\/wp-json\/wp\/v2\/users\/3"}],"replies":[{"embeddable":true,"href":"https:\/\/www.albarella.it\/it\/wp-json\/wp\/v2\/comments?post=520"}],"version-history":[{"count":0,"href":"https:\/\/www.albarella.it\/it\/wp-json\/wp\/v2\/posts\/520\/revisions"}],"wp:featuredmedia":[{"embeddable":true,"href":"https:\/\/www.albarella.it\/it\/wp-json\/wp\/v2\/media\/521"}],"wp:attachment":[{"href":"https:\/\/www.albarella.it\/it\/wp-json\/wp\/v2\/media?parent=520"}],"wp:term":[{"taxonomy":"category","embeddable":true,"href":"https:\/\/www.albarella.it\/it\/wp-json\/wp\/v2\/categories?post=520"},{"taxonomy":"post_tag","embeddable":true,"href":"https:\/\/www.albarella.it\/it\/wp-json\/wp\/v2\/tags?post=520"}],"curies":[{"name":"wp","href":"https:\/\/api.w.org\/{rel}","templated":true}]}}