{"id":513,"date":"2020-08-06T18:00:30","date_gmt":"2020-08-06T16:00:30","guid":{"rendered":"https:\/\/news.albarella.it\/?p=513"},"modified":"2023-06-07T12:36:35","modified_gmt":"2023-06-07T10:36:35","slug":"ciacole-in-rosa-una-camminata-per-la-solidarieta-nella-natura-dellisola-di-albarella","status":"publish","type":"post","link":"https:\/\/www.albarella.it\/it\/ciacole-in-rosa-una-camminata-per-la-solidarieta-nella-natura-dellisola-di-albarella\/","title":{"rendered":"CIACOLE IN ROSA &#8211; Una camminata per la solidariet\u00e0 nella natura dell&#8217;Isola di Albarella"},"content":{"rendered":"\n<p>La Piazzetta Commerciale e Albarella diventano promotrici di <strong>\u201cCiacole in Rosa\u201d<\/strong>, un&#8217;iniziativa che unisce sport e solidariet\u00e0 a favore di <strong>Dynamo Camp<\/strong>. Si tratta di una camminata per le vie della splendida Isola di Albarella, che avr\u00e0 come assoluti protagonisti l\u2019Arte e la Natura, e avr\u00e0 luogo il 14 Agosto 2020, a partire dalle 18, il costo dell&#8217;iscrizione il cui costo sar\u00e0 interamente devoluto all\u2019Associazione Dynamo Camp, che offre gratuitamente programmi di Terapia Ricreativa a bambini e ragazzi dai 6 ai 17 anni, affetti da patologie gravi e croniche, e alle loro famiglie. Le attivit\u00e0 si svolgono presso Dynamo Camp e, grazie ai Dynamo Programs, fuori dal Camp in ospedali, associazioni e case famiglia nelle maggiori citt\u00e0 italiane. <\/p>\n\n\n\n<div style=\"height:30px\" aria-hidden=\"true\" class=\"wp-block-spacer\"><\/div>\n\n\n\n<p>Sar\u00e0 possibile versare la propria quota di iscrizione, pari a 25 Euro, a partire dal 5 agosto in tutte le boutique presenti presso la Piazzetta Commerciale dell&#8217;Isola di Albarella (Zanellato Boutique, Gioielleria Zanellato, Albashop, Profumeria Harmony) e al centro benessere Albarelax. Ogni partecipante ricever\u00e0 un set composto da t-shirt, borraccia, mascherina e sacca personalizzata con all\u2019interno buoni promozionali e omaggi da utilizzare presso le Boutique sponsor. Ci sar\u00e0 inoltre la possibilit\u00e0 di partecipare all&#8217;estrazione finale di un premio esclusivo che si terr\u00e0 durante l\u2019aperitivo al termine della camminata. Per motivi di sicurezza l\u2019evento sar\u00e0 a numero limitato di 100 partecipanti e verranno rispettate le norme di sicurezza previste da regolamento interno dell\u2019Isola. Al termine della camminata sar\u00e0 offerto un brindisi per tutti i partecipanti presso la piazzetta del Centro Commerciale con Dj Set.  <\/p>\n\n\n\n<div style=\"height:30px\" aria-hidden=\"true\" class=\"wp-block-spacer\"><\/div>\n\n\n\n<p>Sar\u00e0 quindi una camminata all\u2019insegna della solidariet\u00e0 quella che si terr\u00e0 il 14 Agosto 2020, per celebrare la bellezza di un paesaggio unico, quello di Albarella, Isola green immersa nella natura del <a href=\"https:\/\/www.albarella.it\/it\/delta-del-po-tutto-quello-che-devi-sapere-sul-parco-regionale-veneto\/\" data-type=\"URL\" data-id=\"https:\/\/www.albarella.it\/it\/delta-del-po-tutto-quello-che-devi-sapere-sul-parco-regionale-veneto\/\">Parco Regionale del Delta del Po<\/a>, meta ideale di ogni sportivo grazie alle tante strutture e ai servizi dedicati al mondo dello sport. Al suo interno si contano due milioni di alberi di 150 specie arboree diverse, tra cui il pino marittimo e il pioppo bianco, il \u201cPopulus Alba\u201d, da cui l\u2019isola prende il nome, habitat naturale di tantissime specie animali, tra cui gli splendidi fenicotteri rosa. La camminata sar\u00e0 organizzata in collaborazione con Simona Fabian e le foto dell\u2019evento saranno a cura di Maurizio Penna. <\/p>\n","protected":false},"excerpt":{"rendered":"<p>Ogni partecipante ricever\u00e0 un set composto da t-shirt, borraccia, mascherina e sacca personalizzata.<\/p>\n","protected":false},"author":3,"featured_media":514,"comment_status":"closed","ping_status":"closed","sticky":false,"template":"","format":"standard","meta":{"_acf_changed":false,"footnotes":""},"categories":[8],"tags":[],"class_list":["post-513","post","type-post","status-publish","format-standard","has-post-thumbnail","hentry","category-eventi"],"acf":[],"_links":{"self":[{"href":"https:\/\/www.albarella.it\/it\/wp-json\/wp\/v2\/posts\/513","targetHints":{"allow":["GET"]}}],"collection":[{"href":"https:\/\/www.albarella.it\/it\/wp-json\/wp\/v2\/posts"}],"about":[{"href":"https:\/\/www.albarella.it\/it\/wp-json\/wp\/v2\/types\/post"}],"author":[{"embeddable":true,"href":"https:\/\/www.albarella.it\/it\/wp-json\/wp\/v2\/users\/3"}],"replies":[{"embeddable":true,"href":"https:\/\/www.albarella.it\/it\/wp-json\/wp\/v2\/comments?post=513"}],"version-history":[{"count":1,"href":"https:\/\/www.albarella.it\/it\/wp-json\/wp\/v2\/posts\/513\/revisions"}],"predecessor-version":[{"id":15001,"href":"https:\/\/www.albarella.it\/it\/wp-json\/wp\/v2\/posts\/513\/revisions\/15001"}],"wp:featuredmedia":[{"embeddable":true,"href":"https:\/\/www.albarella.it\/it\/wp-json\/wp\/v2\/media\/514"}],"wp:attachment":[{"href":"https:\/\/www.albarella.it\/it\/wp-json\/wp\/v2\/media?parent=513"}],"wp:term":[{"taxonomy":"category","embeddable":true,"href":"https:\/\/www.albarella.it\/it\/wp-json\/wp\/v2\/categories?post=513"},{"taxonomy":"post_tag","embeddable":true,"href":"https:\/\/www.albarella.it\/it\/wp-json\/wp\/v2\/tags?post=513"}],"curies":[{"name":"wp","href":"https:\/\/api.w.org\/{rel}","templated":true}]}}