{"id":393,"date":"2020-06-10T09:12:07","date_gmt":"2020-06-10T07:12:07","guid":{"rendered":"https:\/\/news.albarella.it\/?p=393"},"modified":"2021-03-19T16:18:52","modified_gmt":"2021-03-19T15:18:52","slug":"il-turismo-tedesco-continua-a-scegliere-albarella-tantissimi-gli-arrivi-gia-dal-3-giugno","status":"publish","type":"post","link":"https:\/\/www.albarella.it\/it\/il-turismo-tedesco-continua-a-scegliere-albarella-tantissimi-gli-arrivi-gia-dal-3-giugno\/","title":{"rendered":"Il turismo tedesco continua a scegliere Albarella: tantissimi gli arrivi gi\u00e0 dal 3 giugno"},"content":{"rendered":"\n<p>Due famiglie lanciano il loro appello: \u201cL\u2019isola \u00e8 sempre meravigliosa e molto sicura: non abbiate paura di viaggiare in Italia\u201d<\/p>\n\n\n\n<p><\/p>\n\n\n\n<p>Il 3 giugno le frontiere italiane si sono aperte agli stranieri. E due famiglie di Monaco di Baviera, proprio il 3 giugno, non hanno perso l\u2019occasione e sono volute tornare nell\u2019Isola di Albarella per la decima volta, scegliendo l\u2019Isola per sportivi e famiglie come meta delle loro vacanza gi\u00e0 da subito, non vedendo l\u2019ora di tornare in Italia. E\u2019 la storia delle famiglie Hauc e Korber, che non appena a fine maggio hanno saputo che finiva il lockdown in Italia e si riaprivano le frontiere hanno chiamato il centralino del servizio booking dell\u2019Isola di Albarella per prenotare due case dove alloggiare per otto giorni, ritrovando un po\u2019 di spensieratezza.<\/p>\n\n\n\n<p>\u201cI nostri connazionali ci hanno chiesto se non avevamo paura di venire in Italia a causa del virus, ma noi abbiamo risposto che la diffusione del virus \u00e8 uguale in tutta Europa. Anzi, solo ad Albarella si trovano spazi cos\u00ec ampi, poca confusione e tanta natura: siamo tranquilli e sereni e stiamo vivendo una bellissima vacanza \u00e8 pi\u00f9 sicuro qui che in citt\u00e0. E\u2019 la nostra decima volta qui e siamo innamorati di questo clima e della spiaggia cos\u00ec ampia, \u00e8 tutto rimasto bello come sempre\u201d.<\/p>\n\n\n\n<p>Le loro sono due famiglie molto numerose: \u00e8 composta da 5 persone la prima, da 7 la seconda, e hanno optato per due case singole scegliendole tra la vasta offerta di Albarella Srl. E vogliono lanciare un messaggio ai tanti tedeschi che scelgono Albarella come meta per le loro vacanza: \u201cNon abbiate paura, l\u2019Italia \u00e8 sempre amichevole, gioviale, bella. E anche molto sicura\u201d.<\/p>\n","protected":false},"excerpt":{"rendered":"<p>Due famiglie lanciano il loro appello: \u201cL\u2019isola \u00e8 sempre meravigliosa e molto sicura: non abbiate paura di viaggiare in Italia\u201d&hellip;<\/p>\n","protected":false},"author":3,"featured_media":394,"comment_status":"closed","ping_status":"closed","sticky":false,"template":"","format":"standard","meta":{"_acf_changed":false,"footnotes":""},"categories":[6,10],"tags":[23,25,24,22],"class_list":["post-393","post","type-post","status-publish","format-standard","has-post-thumbnail","hentry","category-famiglia","category-info-utili","tag-albarella","tag-apertura-frontiere","tag-tedeschi","tag-turismo-tedesco"],"acf":[],"_links":{"self":[{"href":"https:\/\/www.albarella.it\/it\/wp-json\/wp\/v2\/posts\/393","targetHints":{"allow":["GET"]}}],"collection":[{"href":"https:\/\/www.albarella.it\/it\/wp-json\/wp\/v2\/posts"}],"about":[{"href":"https:\/\/www.albarella.it\/it\/wp-json\/wp\/v2\/types\/post"}],"author":[{"embeddable":true,"href":"https:\/\/www.albarella.it\/it\/wp-json\/wp\/v2\/users\/3"}],"replies":[{"embeddable":true,"href":"https:\/\/www.albarella.it\/it\/wp-json\/wp\/v2\/comments?post=393"}],"version-history":[{"count":0,"href":"https:\/\/www.albarella.it\/it\/wp-json\/wp\/v2\/posts\/393\/revisions"}],"wp:featuredmedia":[{"embeddable":true,"href":"https:\/\/www.albarella.it\/it\/wp-json\/wp\/v2\/media\/394"}],"wp:attachment":[{"href":"https:\/\/www.albarella.it\/it\/wp-json\/wp\/v2\/media?parent=393"}],"wp:term":[{"taxonomy":"category","embeddable":true,"href":"https:\/\/www.albarella.it\/it\/wp-json\/wp\/v2\/categories?post=393"},{"taxonomy":"post_tag","embeddable":true,"href":"https:\/\/www.albarella.it\/it\/wp-json\/wp\/v2\/tags?post=393"}],"curies":[{"name":"wp","href":"https:\/\/api.w.org\/{rel}","templated":true}]}}