{"id":2379,"date":"2021-01-20T16:39:57","date_gmt":"2021-01-20T15:39:57","guid":{"rendered":"https:\/\/news.albarella.it\/?p=558"},"modified":"2021-03-29T10:57:04","modified_gmt":"2021-03-29T08:57:04","slug":"2020-albarella-e-promossa-dagli-ospiti-come-isola-sicura-ottima-la-pulizia-e-i-servizi-per-case-e-hotel-nuovi-interventi-in-arrivo-per-larea-piscine-e-palestra","status":"publish","type":"post","link":"https:\/\/www.albarella.it\/it\/2020-albarella-e-promossa-dagli-ospiti-come-isola-sicura-ottima-la-pulizia-e-i-servizi-per-case-e-hotel-nuovi-interventi-in-arrivo-per-larea-piscine-e-palestra\/","title":{"rendered":"2020: Albarella \u00e8 promossa dagli ospiti come Isola sicura: ottima la pulizia e i servizi per case e hotel. Nuovi interventi in arrivo per l\u2019area piscine e palestra"},"content":{"rendered":"\n<p>L\u2019Isola di Albarella vuole confermarsi <strong>Isola sicura per i propri ospiti anche per la stagione 2021<\/strong>, fornendo servizi e ambienti protetti e ben organizzati in chiave prevenzione sanitaria. Come punto di partenza, quindi, si \u00e8 analizzato il <strong>feedback <\/strong>ottenuto dagli ospiti della stagione 2020, tramite un questionario dove ognuno ha potuto esprimere il proprio giudizio sui punti di forza e sui punti da migliorare sulla base del proprio vissuto e percepito in Isola.<\/p>\n\n\n\n<div style=\"height:30px\" aria-hidden=\"true\" class=\"wp-block-spacer\"><\/div>\n\n\n\n<p>I dati parlano chiaro: Albarella, con i suoi <strong>ampi spazi immersi nella natura<\/strong>, \u00e8 stata promossa come Isola sicura. Distanziamento, pace e relax lontano dagli assembramenti del turismo di massa, attivit\u00e0 sportive outdoor sono per antonomasia le caratteristiche dell\u2019Isola (600 ettari per 10mila ospiti). A incidere positivamente \u00e8 stato soprattutto l\u2019ottimo feedback ricevuto per quanto riguarda la <strong>pulizia e l\u2019organizzazione degli spazi nelle case in affitto,<\/strong> l\u2019organizzazione del <strong>servizio ricevimento<\/strong>, la completezza delle <strong>informazioni <\/strong>ricevute in fase di prenotazione, la professionalit\u00e0 e la disponibilit\u00e0 del <strong>personale<\/strong> all\u2019accoglienza e impiegato nei servizi offerti dall\u2019Isola. Analoghi risultati anche per <strong>l\u2019Hotel Capo Nord<\/strong>, dove gli ospiti hanno promosso a pieni voti l\u2019ordine e la pulizia in camera, cos\u00ec come la gestione della piscina relax. Positivo, in chiave di sicurezza sanitaria, anche il controllo degli ingressi nell\u2019Isola e la sorveglianza operata dalla Civis 24 ore su 24.<\/p>\n\n\n\n<div style=\"height:30px\" aria-hidden=\"true\" class=\"wp-block-spacer\"><\/div>\n\n\n\n<p>Anche per la stagione 2021 Albarella manterr\u00e0 elevati i suoi standard qualitativi che le hanno permesso di essere la destinazione preferita dagli ospiti che fanno della sicurezza un requisito fondamentale.<\/p>\n\n\n\n<div style=\"height:30px\" aria-hidden=\"true\" class=\"wp-block-spacer\"><\/div>\n\n\n\n<p>Verr\u00e0 mantenuto ad esempio il distanziamento tra gli ombrelloni della spiaggia maggiore rispetto a quello richiesto dalle linee guida Nazionali, peculiarit\u00e0 che da sempre caratterizzano le ampie spiagge dell\u2019Isola.<\/p>\n\n\n\n<div style=\"height:30px\" aria-hidden=\"true\" class=\"wp-block-spacer\"><\/div>\n\n\n\n<p>Nonostante il percepito sia positivo, con appositivi interventi programmati e mirati sar\u00e0 possibile migliorare ulteriormente l\u2019esperienza per gli ospiti: saranno ottimizzati <strong>i percorsi di accesso<\/strong> a tutti i servizi quali piscine e ristorante e verr\u00e0 ulteriormente ampliata l\u2019offerta del fitness all\u2019aperto, garantendo quindi sempre il distanziamento interpersonale ed evitando cos\u00ec assembramenti nelle zone di maggior afflusso.<\/p>\n\n\n\n<div style=\"height:30px\" aria-hidden=\"true\" class=\"wp-block-spacer\"><\/div>\n\n\n\n<p>Con questi interventi Albarella \u00e8 pronta per iniziare una stagione ancora pi\u00f9 sicura e serena per tutti gli ospiti di qualsiasi et\u00e0.<\/p>\n","protected":false},"excerpt":{"rendered":"<p>Verr\u00e0 mantenuto il distanziamento tra gli ombrelloni maggiore rispetto a quello richiesto dalle linee guida Nazionali.<\/p>\n","protected":false},"author":3,"featured_media":441,"comment_status":"closed","ping_status":"closed","sticky":false,"template":"","format":"standard","meta":{"_acf_changed":false,"footnotes":""},"categories":[10],"tags":[],"class_list":["post-2379","post","type-post","status-publish","format-standard","has-post-thumbnail","hentry","category-info-utili"],"acf":[],"_links":{"self":[{"href":"https:\/\/www.albarella.it\/it\/wp-json\/wp\/v2\/posts\/2379","targetHints":{"allow":["GET"]}}],"collection":[{"href":"https:\/\/www.albarella.it\/it\/wp-json\/wp\/v2\/posts"}],"about":[{"href":"https:\/\/www.albarella.it\/it\/wp-json\/wp\/v2\/types\/post"}],"author":[{"embeddable":true,"href":"https:\/\/www.albarella.it\/it\/wp-json\/wp\/v2\/users\/3"}],"replies":[{"embeddable":true,"href":"https:\/\/www.albarella.it\/it\/wp-json\/wp\/v2\/comments?post=2379"}],"version-history":[{"count":0,"href":"https:\/\/www.albarella.it\/it\/wp-json\/wp\/v2\/posts\/2379\/revisions"}],"wp:featuredmedia":[{"embeddable":true,"href":"https:\/\/www.albarella.it\/it\/wp-json\/wp\/v2\/media\/441"}],"wp:attachment":[{"href":"https:\/\/www.albarella.it\/it\/wp-json\/wp\/v2\/media?parent=2379"}],"wp:term":[{"taxonomy":"category","embeddable":true,"href":"https:\/\/www.albarella.it\/it\/wp-json\/wp\/v2\/categories?post=2379"},{"taxonomy":"post_tag","embeddable":true,"href":"https:\/\/www.albarella.it\/it\/wp-json\/wp\/v2\/tags?post=2379"}],"curies":[{"name":"wp","href":"https:\/\/api.w.org\/{rel}","templated":true}]}}