{"id":233,"date":"2020-04-07T11:55:30","date_gmt":"2020-04-07T09:55:30","guid":{"rendered":"https:\/\/albarella.josie.it\/?p=233"},"modified":"2023-06-09T10:31:37","modified_gmt":"2023-06-09T08:31:37","slug":"lisola-di-albarella-rende-omaggio-allitalia","status":"publish","type":"post","link":"https:\/\/www.albarella.it\/it\/lisola-di-albarella-rende-omaggio-allitalia\/","title":{"rendered":"L&#8217;Isola di Albarella rende omaggio all&#8217;Italia"},"content":{"rendered":"\n<h3 class=\"wp-block-heading\">Accesso sulla torre idrica, alta 60 metri, il tricolore pi\u00f9 alto del Veneto<\/h3>\n\n\n\n<p>Per superare i periodi bui c&#8217;\u00e8 bisogno di umanit\u00e0 e di luce. Un faro di speranza che ieri sera, venerd\u00ec 3 aprile, l&#8217;Isola di Albarella ha voluto accendere, rendendo omaggio all&#8217;Italia: la torre idrica dell&#8217;Isola, alta ben 60 metri, \u00e8 stata illuminata e lo rester\u00e0 fino a fine emergenza Covid 19 di verde, bianco e rosso, diventando il simbolo italiano pi\u00f9 alto dell&#8217;intera regione del Veneto.<br>Un&#8217;iniziativa nata dalla voglia di lanciare un messaggio di speranza e solidariet\u00e0 a tutto il territorio, rendendolo ben visibile anche da lontano: un modo di far capire a tutti che, anche se distanti, noi italiani siamo uniti.<\/p>\n\n\n\n<figure class=\"wp-block-image size-large\"><img loading=\"lazy\" decoding=\"async\" width=\"709\" height=\"392\" src=\"https:\/\/albarella.josie.it\/wp-content\/uploads\/2020\/04\/torre-2-2.jpg\" alt=\"\" class=\"wp-image-244\" srcset=\"https:\/\/www.albarella.it\/wp-content\/uploads\/2020\/04\/torre-2-2.jpg 709w, https:\/\/www.albarella.it\/wp-content\/uploads\/2020\/04\/torre-2-2-30x17.jpg 30w\" sizes=\"auto, (max-width: 709px) 100vw, 709px\" \/><\/figure>\n\n\n\n<p>Per superare i periodi bui c&#8217;\u00e8 bisogno di umanit\u00e0 e di luce. Un faro di speranza che ieri sera, venerd\u00ec 3 aprile, l&#8217;Isola di Albarella ha voluto accendere, rendendo omaggio all&#8217;Italia: la torre idrica dell&#8217;Isola, alta ben 60 metri, \u00e8 stata illuminata \u2013 e lo rester\u00e0 fino a fine emergenza Covid 19 \u2013 di verde, bianco e rosso, diventando il simbolo italiano pi\u00f9 alto dell&#8217;intera regione del Veneto. Un&#8217;iniziativa nata dalla voglia di lanciare un messaggio di speranza e solidariet\u00e0 a tutto il territorio, rendendolo ben visibile anche da lontano: un modo di far capire a tutti che, anche se distanti, noi italiani siamo uniti. \u201cDa ieri sera la torre idrica dell\u2019Isola di Albarella \u00e8 illuminata col tricolore italiano e si accender\u00e0 tutte le sere dalle 21, come un faro sul <a href=\"https:\/\/www.albarella.it\/it\/esperienze\/delta-del-po\/\" data-type=\"URL\" data-id=\"https:\/\/www.albarella.it\/it\/esperienze\/delta-del-po\/\">Delta del PO<\/a> \u2013 spiega il direttore di Albarella, Mauro Rosatti -. Abbiamo voluto accendere la torre e realizzare questa iniziativa come segno di unit\u00e0 e speranza per tutti noi, per dare un segnale di vicinanza a tutte le persone che stanno soffrendo in questo momento\u201d.<\/p>\n\n\n\n<p>Nello stesso momento, l&#8217;Isola di Albarella sta predisponendo una serie di interventi per garantire la sicurezza sull&#8217;Isola anche una volta superata l&#8217;emergenza: si stanno scrivendo una serie di protocolli e regolamentazioni da applicare per gli operatori che riprenderanno a lavorare nell\u2019Isola, per garantire la sicurezza e la salute. Inoltre per preservare gli ospiti dell\u2019Isola, che potranno godere in modo esclusivo di ampi spazi senza rischi di affollamento, si stanno mettendo a punto una serie di procedure per effettuare operazioni di disinfestazione e igienizzazione degli ambienti interni ed esterni, per garantire l&#8217;apertura della stagione \u2013 quando potr\u00e0 avvenire &#8211; in completa sicurezza e tranquillit\u00e0.<\/p>\n\n\n\n<p><\/p>\n","protected":false},"excerpt":{"rendered":"<p>Accesso sulla torre idrica, alta 60 metri, il tricolore pi\u00f9 alto del Veneto Per superare i periodi bui c&#8217;\u00e8 bisogno&hellip;<\/p>\n","protected":false},"author":1,"featured_media":306,"comment_status":"closed","ping_status":"closed","sticky":false,"template":"","format":"standard","meta":{"_acf_changed":false,"footnotes":""},"categories":[8,10],"tags":[],"class_list":["post-233","post","type-post","status-publish","format-standard","has-post-thumbnail","hentry","category-eventi","category-info-utili"],"acf":[],"_links":{"self":[{"href":"https:\/\/www.albarella.it\/it\/wp-json\/wp\/v2\/posts\/233","targetHints":{"allow":["GET"]}}],"collection":[{"href":"https:\/\/www.albarella.it\/it\/wp-json\/wp\/v2\/posts"}],"about":[{"href":"https:\/\/www.albarella.it\/it\/wp-json\/wp\/v2\/types\/post"}],"author":[{"embeddable":true,"href":"https:\/\/www.albarella.it\/it\/wp-json\/wp\/v2\/users\/1"}],"replies":[{"embeddable":true,"href":"https:\/\/www.albarella.it\/it\/wp-json\/wp\/v2\/comments?post=233"}],"version-history":[{"count":1,"href":"https:\/\/www.albarella.it\/it\/wp-json\/wp\/v2\/posts\/233\/revisions"}],"predecessor-version":[{"id":15045,"href":"https:\/\/www.albarella.it\/it\/wp-json\/wp\/v2\/posts\/233\/revisions\/15045"}],"wp:featuredmedia":[{"embeddable":true,"href":"https:\/\/www.albarella.it\/it\/wp-json\/wp\/v2\/media\/306"}],"wp:attachment":[{"href":"https:\/\/www.albarella.it\/it\/wp-json\/wp\/v2\/media?parent=233"}],"wp:term":[{"taxonomy":"category","embeddable":true,"href":"https:\/\/www.albarella.it\/it\/wp-json\/wp\/v2\/categories?post=233"},{"taxonomy":"post_tag","embeddable":true,"href":"https:\/\/www.albarella.it\/it\/wp-json\/wp\/v2\/tags?post=233"}],"curies":[{"name":"wp","href":"https:\/\/api.w.org\/{rel}","templated":true}]}}