{"id":230,"date":"2020-04-07T11:44:40","date_gmt":"2020-04-07T09:44:40","guid":{"rendered":"https:\/\/albarella.josie.it\/?p=230"},"modified":"2021-03-19T16:19:55","modified_gmt":"2021-03-19T15:19:55","slug":"aggiornamento-delle-politiche-di-cancellazione","status":"publish","type":"post","link":"https:\/\/www.albarella.it\/it\/aggiornamento-delle-politiche-di-cancellazione\/","title":{"rendered":"Aggiornamento delle politiche di cancellazione"},"content":{"rendered":"\n<p>L&#8217;Isola di Albarella risponde all&#8217;emergenza Corona Virus tutelando i propri ospiti e chi sceglie di trascorrere le vacanze nell&#8217;isola green dell&#8217;Adriatico. E&#8217; stato dato il via, infatti, a una serie di azioni straordinarie per permettere ai futuri turisti di pensare alle proprie vacanze senza preoccupazioni, con <strong>nuove politiche di cancellazione assolutamente gratuita.<\/strong> E&#8217; in momenti complessi come quello che stiamo vivendo che \u00e8 necessario non perdersi d\u2019animo e continuare a guardare al futuro con ottimismo, pronti per ripartire.<\/p>\n\n\n\n<p>Consapevole della situazione di incertezza, l&#8217;Isola di Albarella vuole aiutare i turisti a continuare a sognare in tutta serenit\u00e0, rimanendo vicino alle esigenze degli ospiti affezionati e nuovi anche in questo difficile e imprevedibile momento. E&#8217; prevista pertanto la <strong>restituzione dell\u2019intero&nbsp; ammontare pagato come acconto in fase di prenotazione per le vancanze disdette, <\/strong>per le prenotazioni effettuate fino al 31 maggio, per tutte le partenze dal 1 maggio al 30 Settembre, agosto incluso, e per i soggiorni nelle strutture Hotel Capo Nord, Golf Hotel, Affitti in appartamenti e ville gestiti da Albarella srl.<\/p>\n\n\n\n<p><strong>Le nuove politiche di cancellazione prevedono l&#8217;applicazione di penale zero&nbsp; per chi disdice la vacanza <\/strong>fino a 3 giorni prima dell\u2019 arrivo, per soggiorni fino al 15 Giugno con acconto del 25% in fase di prenotazione che verr\u00e0 rimborsato in caso di cancellazione, e fino a 7 giorni prima dell\u2019arrivo per soggiorni dal 16 giugno al 30 settembre con acconto del 25% in fase di prenotazione, che verr\u00e0 rimborsato in caso di cancellazione e dai 6 giorni in poi alla data di arrivo in caso di cancellazione, sar\u00e0 rimborsato sotto forma di buono dello stesso importo della validit\u00e0 di un anno.<\/p>\n\n\n\n<p>L\u2019iniziativa in oggetto \u00e8 valida per pratiche di minimo 2 partecipanti a tariffa Individuale. Per richiedere la cancellazione \u2018\u2019senza penali\u2019\u2019 \u00e8 necessario inviare una mail entro i termini indicati all\u2019indirizzo booking@marcegaglia.com oppure telefonare all&#8217;ufficio booking allo 0426.332600 .<\/p>\n","protected":false},"excerpt":{"rendered":"<p>L&#8217;Isola di Albarella risponde all&#8217;emergenza Corona Virus tutelando i propri ospiti e chi sceglie di trascorrere le vacanze nell&#8217;isola green&hellip;<\/p>\n","protected":false},"author":1,"featured_media":331,"comment_status":"closed","ping_status":"closed","sticky":false,"template":"","format":"standard","meta":{"_acf_changed":false,"footnotes":""},"categories":[10],"tags":[],"class_list":["post-230","post","type-post","status-publish","format-standard","has-post-thumbnail","hentry","category-info-utili"],"acf":[],"_links":{"self":[{"href":"https:\/\/www.albarella.it\/it\/wp-json\/wp\/v2\/posts\/230","targetHints":{"allow":["GET"]}}],"collection":[{"href":"https:\/\/www.albarella.it\/it\/wp-json\/wp\/v2\/posts"}],"about":[{"href":"https:\/\/www.albarella.it\/it\/wp-json\/wp\/v2\/types\/post"}],"author":[{"embeddable":true,"href":"https:\/\/www.albarella.it\/it\/wp-json\/wp\/v2\/users\/1"}],"replies":[{"embeddable":true,"href":"https:\/\/www.albarella.it\/it\/wp-json\/wp\/v2\/comments?post=230"}],"version-history":[{"count":0,"href":"https:\/\/www.albarella.it\/it\/wp-json\/wp\/v2\/posts\/230\/revisions"}],"wp:featuredmedia":[{"embeddable":true,"href":"https:\/\/www.albarella.it\/it\/wp-json\/wp\/v2\/media\/331"}],"wp:attachment":[{"href":"https:\/\/www.albarella.it\/it\/wp-json\/wp\/v2\/media?parent=230"}],"wp:term":[{"taxonomy":"category","embeddable":true,"href":"https:\/\/www.albarella.it\/it\/wp-json\/wp\/v2\/categories?post=230"},{"taxonomy":"post_tag","embeddable":true,"href":"https:\/\/www.albarella.it\/it\/wp-json\/wp\/v2\/tags?post=230"}],"curies":[{"name":"wp","href":"https:\/\/api.w.org\/{rel}","templated":true}]}}