{"id":20459,"date":"2025-06-25T17:46:13","date_gmt":"2025-06-25T15:46:13","guid":{"rendered":"https:\/\/www.albarella.it\/?p=20459"},"modified":"2025-06-25T17:46:15","modified_gmt":"2025-06-25T15:46:15","slug":"giardino-botanico-porto-caleri","status":"publish","type":"post","link":"https:\/\/www.albarella.it\/it\/giardino-botanico-porto-caleri\/","title":{"rendered":"Giardino Botanico Litoraneo di Porto Caleri"},"content":{"rendered":"\n<p><strong>Informazioni Utili \u2013 Giardino Botanico di Porto Caleri<\/strong>:<\/p>\n\n\n\n<ul class=\"wp-block-list\">\n<li><strong>Localit\u00e0<\/strong>: Porto Caleri &#8211; Rosolina Mare (Rovigo). <a href=\"https:\/\/maps.app.goo.gl\/KkTDzsWoUMTxBbp76\" target=\"_blank\" rel=\"noopener\">Vedi su mappa<\/a>.<\/li>\n\n\n\n<li><strong>Apertura<\/strong>: da Marzo a Ottobre\n<ul class=\"wp-block-list\">\n<li>Aprile, Maggio, Settembre, Ottobre:&nbsp; gioved\u00ec, sabato, domenica e festivi | 10:00\u201313:00 \/ 15:00\u201318:00<\/li>\n\n\n\n<li>Giugno, Luglio, Agosto: Marted\u00ec, mercoled\u00ec, gioved\u00ec, sabato, domenica e festivi | 10:00\u201313:00 \/ 16:00\u201319:00<\/li>\n<\/ul>\n<\/li>\n\n\n\n<li><strong>Visite guidate<\/strong>: su prenotazione alle 10:30 e 15:30 (16:30 in estate)347 0452236 | <a href=\"mailto:prenotazioni.cosedelpo@gmail.com\">prenotazioni.cosedelpo@gmail.com<\/a><\/li>\n\n\n\n<li><strong>Ingresso<\/strong>:\n<ul class=\"wp-block-list\">\n<li>Intero: \u20ac3,50<\/li>\n\n\n\n<li>Ridotto (6 &#8211; 14 anni): \u20ac2,50<\/li>\n\n\n\n<li>Gratis sotto i 6 anni<\/li>\n\n\n\n<li>Visita guidata + ingresso: \u20ac10,00 (ridotto \u20ac5,00)<\/li>\n<\/ul>\n<\/li>\n\n\n\n<li><strong>Contatti<\/strong>: Parco Regionale Veneto del Delta del Po \u2013 Tel. 0426 372202<\/li>\n<\/ul>\n\n\n\n<div style=\"height:30px\" aria-hidden=\"true\" class=\"wp-block-spacer\"><\/div>\n\n\n\n<h2 class=\"wp-block-heading\">Giardino Botanico di Porto Caleri<\/h2>\n\n\n\n<div style=\"height:5px\" aria-hidden=\"true\" class=\"wp-block-spacer\"><\/div>\n\n\n\n<p>Un <strong>giardino botanico litoraneo<\/strong> \u00e8 un&#8217;area protetta che conserva e mostra una variet\u00e0 di piante che crescono naturalmente lungo le coste. Questi giardini si concentrano sulla flora tipica degli ambienti costieri, come dune, spiagge, zone umide salmastre e scogliere. Il loro scopo \u00e8 quello di preservare la biodiversit\u00e0 di questi habitat unici, ed offrire un&#8217;esperienza educativa unica e ricreativa.<\/p>\n\n\n\n<div style=\"height:10px\" aria-hidden=\"true\" class=\"wp-block-spacer\"><\/div>\n\n\n\n<p>Quello di Porto Caleri, \u00e8 uno dei pi\u00f9 famosi in Italia, si trova nel cuore del <a href=\"https:\/\/www.albarella.it\/it\/delta-del-po-tutto-quello-che-devi-sapere-sul-parco-regionale-veneto\/\" data-type=\"post\" data-id=\"6799\">Parco del Delta del Po<\/a>, nella parte meridionale del litorale di Rosolina Mare. \u00c8 un\u2019area protetta, di circa 44 ettari, \u00e8 nata nel 1990 per volont\u00e0 della Regione Veneto. Oggi \u00e8 un prezioso scrigno di biodiversit\u00e0, riconosciuto come Sito di Importanza Comunitaria (S.I.C.), ed offre ai visitatori un viaggio attraverso diversi ambienti naturali.&nbsp;<\/p>\n\n\n\n<div style=\"height:10px\" aria-hidden=\"true\" class=\"wp-block-spacer\"><\/div>\n\n\n\n<p>Tre sentieri tematici guidano l\u2019esplorazione, rendendo il Giardino un laboratorio a cielo aperto dove la natura si racconta in tutte le sue sfumature.<\/p>\n\n\n\n<div style=\"height:30px\" aria-hidden=\"true\" class=\"wp-block-spacer\"><\/div>\n\n\n\n<h2 class=\"wp-block-heading\">Le origini<\/h2>\n\n\n\n<div style=\"height:5px\" aria-hidden=\"true\" class=\"wp-block-spacer\"><\/div>\n\n\n\n<p>Il giardino botanico \u00e8 stato istituito con l\u2019obiettivo di tutelare e valorizzare uno degli ambienti dunali e litoranei pi\u00f9 integri dell\u2019alto Adriatico. \u00c8 frutto di un progetto di conservazione ambientale e la sua creazione risponde all\u2019esigenza di studiare e monitorare gli ecosistemi costieri, promuovendo al contempo l\u2019educazione ambientale attraverso percorsi guidati e attivit\u00e0 scientifiche.&nbsp;<\/p>\n\n\n\n<div style=\"height:10px\" aria-hidden=\"true\" class=\"wp-block-spacer\"><\/div>\n\n\n\n<p>Sin dalla sua fondazione, il giardino \u00e8 gestito da Veneto Agricoltura, ente strumentale della Regione, in collaborazione con enti scientifici e universitari. Oggi, questi ambienti supportano numerose specie vegetali autoctone, alcune delle quali rare o minacciate, come il ravastrello (<em>Cakile maritima<\/em>), l&#8217;eringio marittimo (<em>Eryngium maritimum<\/em>) e diverse orchidee spontanee.<\/p>\n\n\n\n<div style=\"height:30px\" aria-hidden=\"true\" class=\"wp-block-spacer\"><\/div>\n\n\n\n<h2 class=\"wp-block-heading\">Come visitare il giardino<\/h2>\n\n\n\n<div style=\"height:5px\" aria-hidden=\"true\" class=\"wp-block-spacer\"><\/div>\n\n\n\n<p>Visitare il Giardino Botanico di Porto Caleri \u00e8 un&#8217;esperienza unica che unisce scoperta scientifica, immersione nella natura e consapevolezza ambientale. \u00c8 il luogo ideale per chi cerca un momento di pace, per famiglie con bambini curiosi, per appassionati di botanica e birdwatching, o semplicemente per chi desidera rigenerarsi camminando tra panorami naturali e suggestivi. Oltre a offrire un ambiente paesaggistico di rara bellezza, la visita rappresenta un <strong>gesto concreto di sostegno alla tutela degli ecosistemi litoranei<\/strong>, contribuendo alla loro conservazione.<\/p>\n\n\n\n<div style=\"height:10px\" aria-hidden=\"true\" class=\"wp-block-spacer\"><\/div>\n\n\n\n<p>Il giardino \u00e8 strutturato per accogliere i visitatori attraverso una rete di tre sentieri, pensati per soddisfare diverse esigenze e livelli di esplorazione:<\/p>\n\n\n\n<ul class=\"wp-block-list\">\n<li>il primo, pi\u00f9 breve e adatto anche ai passeggini, \u00e8 perfetto per un&#8217;introduzione alla flora litoranea,<\/li>\n\n\n\n<li>il secondo si sviluppa lungo ambienti di duna e pineta, permettendo di osservare pi\u00f9 da vicino la variet\u00e0 di piante e animali autoctoni,<\/li>\n\n\n\n<li>il terzo, il pi\u00f9 lungo e immersivo, conduce fino al mare attraversando ambienti umidi, dune mobili e zone retrodunali: un&#8217;esperienza adatta a escursionisti leggeri, famiglie abituate alle camminate e amanti della fotografia naturalistica.<\/li>\n<\/ul>\n\n\n\n<div style=\"height:10px\" aria-hidden=\"true\" class=\"wp-block-spacer\"><\/div>\n\n\n\n<p>La segnaletica lungo i percorsi \u00e8 chiara e ben distribuita, con pannelli didattici che arricchiscono la visita con informazioni su specie vegetali, habitat e dinamiche ecologiche del territorio. Per la visita, \u00e8 consigliato indossare scarpe comode, portare acqua, cappello e repellente per insetti. I cani sono ammessi se tenuti al guinzaglio, e il percorso pi\u00f9 semplice \u00e8 pienamente accessibile anche con bambini piccoli. I <strong>periodi migliori<\/strong> per la visita sono la primavera e l\u2019inizio dell\u2019autunno, quando la vegetazione \u00e8 rigogliosa e il clima \u00e8 mite.&nbsp;<\/p>\n\n\n\n<div style=\"height:10px\" aria-hidden=\"true\" class=\"wp-block-spacer\"><\/div>\n\n\n\n<p>Per rispettare l\u2019ambiente, \u00e8 importante seguire alcune semplici regole: non raccogliere piante o fiori, non disturbare gli animali, non lasciare rifiuti, e restare sui sentieri segnati per preservare l\u2019integrit\u00e0 del terreno e della vegetazione.<\/p>\n\n\n\n<div style=\"height:10px\" aria-hidden=\"true\" class=\"wp-block-spacer\"><\/div>\n\n\n\n<p>Una mappa dei sentieri \u00e8 disponibile all&#8217;ingresso e presso i punti informativi; pu\u00f2 essere utile scaricarla in formato digitale prima della visita. L&#8217;area dispone di parcheggio a pochi minuti a piedi dall&#8217;accesso al giardino, facilitando l&#8217;arrivo anche nei periodi di maggiore affluenza.&nbsp;<\/p>\n\n\n\n<div style=\"height:30px\" aria-hidden=\"true\" class=\"wp-block-spacer\"><\/div>\n\n\n\n<h2 class=\"wp-block-heading\">Flora e Fauna del Giardino<\/h2>\n\n\n\n<div style=\"height:5px\" aria-hidden=\"true\" class=\"wp-block-spacer\"><\/div>\n\n\n\n<p>Il Giardino Botanico custodisce una ricca variet\u00e0 di piante autoctone tipiche dell\u2019ambiente costiero. Questa flora \u00e8 adattata alle condizioni salmastre e sabbiose del territorio.<\/p>\n\n\n\n<div style=\"height:10px\" aria-hidden=\"true\" class=\"wp-block-spacer\"><\/div>\n\n\n\n<p>Tra le specie pi\u00f9 caratteristiche si possono osservare la salicornia, pianta succulenta che prospera nelle zone salmastre, e il limonio, noto per i suoi fiori colorati che resistono anche alle condizioni pi\u00f9 aride. Altre piante tipiche includono arbusti e graminacee tipiche delle dune costiere, che contribuiscono a stabilizzare il terreno e a fornire habitat per la fauna locale.<\/p>\n\n\n\n<div style=\"height:10px\" aria-hidden=\"true\" class=\"wp-block-spacer\"><\/div>\n\n\n\n<p>Il giardino \u00e8 anche rifugio per numerose specie animali, tra cui uccelli migratori, insetti impollinatori e piccoli rettili. L\u2019ambiente variegato favorisce la presenza di diverse specie, offrendo occasioni uniche di osservazione naturalistica per i visitatori pi\u00f9 attenti.<\/p>\n\n\n\n<div style=\"height:10px\" aria-hidden=\"true\" class=\"wp-block-spacer\"><\/div>\n\n\n\n<p>La tutela di questa biodiversit\u00e0 \u00e8 fondamentale per mantenere l\u2019equilibrio ecologico dell\u2019area litoranea, che rappresenta un ecosistema fragile e vulnerabile.<\/p>\n\n\n\n<div style=\"height:30px\" aria-hidden=\"true\" class=\"wp-block-spacer\"><\/div>\n\n\n\n<h2 class=\"wp-block-heading\">Visitare il Giardino Botanico di Porto Caleri<\/h2>\n\n\n\n<div style=\"height:5px\" aria-hidden=\"true\" class=\"wp-block-spacer\"><\/div>\n\n\n\n<p>Se stai pianificando una vacanza nel Delta del Po, considera Albarella come base per il tuo soggiorno. L&#8217;isola, situata a pochi chilometri dal Giardino Botanico di Porto Caleri, \u00e8 un&#8217;oasi naturale tra laguna e mare, immersa nel Parco del Delta.&nbsp;<\/p>\n\n\n\n<div style=\"height:10px\" aria-hidden=\"true\" class=\"wp-block-spacer\"><\/div>\n\n\n\n<p>Facile da raggiungere, offre un mix perfetto di relax, sport e natura. Dopo una visita al giardino botanico, puoi goderti spiagge attrezzate, percorsi ciclabili e una ricettivit\u00e0 di qualit\u00e0, ideale per famiglie, coppie o gruppi di amici.<\/p>\n\n\n\n<p><\/p>\n","protected":false},"excerpt":{"rendered":"<p>Visitare il Giardino Botanico di Porto Caleri \u00e8 un&#8217;esperienza unica che unisce scoperta scientifica, immersione nella natura e consapevolezza ambientale.<\/p>\n","protected":false},"author":6,"featured_media":20467,"comment_status":"closed","ping_status":"closed","sticky":false,"template":"","format":"standard","meta":{"_acf_changed":false,"footnotes":""},"categories":[2],"tags":[],"class_list":["post-20459","post","type-post","status-publish","format-standard","has-post-thumbnail","hentry","category-ambiente"],"acf":[],"_links":{"self":[{"href":"https:\/\/www.albarella.it\/it\/wp-json\/wp\/v2\/posts\/20459","targetHints":{"allow":["GET"]}}],"collection":[{"href":"https:\/\/www.albarella.it\/it\/wp-json\/wp\/v2\/posts"}],"about":[{"href":"https:\/\/www.albarella.it\/it\/wp-json\/wp\/v2\/types\/post"}],"author":[{"embeddable":true,"href":"https:\/\/www.albarella.it\/it\/wp-json\/wp\/v2\/users\/6"}],"replies":[{"embeddable":true,"href":"https:\/\/www.albarella.it\/it\/wp-json\/wp\/v2\/comments?post=20459"}],"version-history":[{"count":8,"href":"https:\/\/www.albarella.it\/it\/wp-json\/wp\/v2\/posts\/20459\/revisions"}],"predecessor-version":[{"id":20473,"href":"https:\/\/www.albarella.it\/it\/wp-json\/wp\/v2\/posts\/20459\/revisions\/20473"}],"wp:featuredmedia":[{"embeddable":true,"href":"https:\/\/www.albarella.it\/it\/wp-json\/wp\/v2\/media\/20467"}],"wp:attachment":[{"href":"https:\/\/www.albarella.it\/it\/wp-json\/wp\/v2\/media?parent=20459"}],"wp:term":[{"taxonomy":"category","embeddable":true,"href":"https:\/\/www.albarella.it\/it\/wp-json\/wp\/v2\/categories?post=20459"},{"taxonomy":"post_tag","embeddable":true,"href":"https:\/\/www.albarella.it\/it\/wp-json\/wp\/v2\/tags?post=20459"}],"curies":[{"name":"wp","href":"https:\/\/api.w.org\/{rel}","templated":true}]}}